[{"@context":"https:\/\/schema.org\/","@type":"Article","@id":"https:\/\/www.plez.cz\/chaty-a-chalupy-k-pronajmuti-nabidka-pro-letni-i-zimni-dovolenou\/#Article","mainEntityOfPage":"https:\/\/www.plez.cz\/chaty-a-chalupy-k-pronajmuti-nabidka-pro-letni-i-zimni-dovolenou\/","headline":"Chaty a chalupy k\u00a0pronajmut\u00ed \u2013 nab\u00eddka pro letn\u00ed i zimn\u00ed dovolenou","name":"Chaty a chalupy k\u00a0pronajmut\u00ed \u2013 nab\u00eddka pro letn\u00ed i zimn\u00ed dovolenou","description":"Zkuste spolupracovat s na\u0161\u00ed spole\u010dnost\u00ed Zars a uvid\u00edte, jak si p\u0159ivyd\u011bl\u00e1te t\u0159eba na dovolenou! Klikn\u011bte na na\u0161e internetov\u00e9 str\u00e1nky a [&hellip;]","datePublished":"2024-12-03","dateModified":"2024-12-03","author":{"@type":"Person","@id":"https:\/\/www.plez.cz\/author\/devene\/#Person","name":"devene","url":"https:\/\/www.plez.cz\/author\/devene\/","identifier":1,"image":{"@type":"ImageObject","@id":"https:\/\/secure.gravatar.com\/avatar\/16435f0a6c9262449b9ebb39f63178cd65c54b09f931b6f84682f48086e3d763?s=96&d=mm&r=g","url":"https:\/\/secure.gravatar.com\/avatar\/16435f0a6c9262449b9ebb39f63178cd65c54b09f931b6f84682f48086e3d763?s=96&d=mm&r=g","height":96,"width":96}},"publisher":{"@type":"Organization","name":"plez.cz","logo":{"@type":"ImageObject","@id":"\/logo.png","url":"\/logo.png","width":600,"height":60}},"url":"https:\/\/www.plez.cz\/chaty-a-chalupy-k-pronajmuti-nabidka-pro-letni-i-zimni-dovolenou\/","wordCount":140,"articleBody":" Zkuste spolupracovat s na\u0161\u00ed spole\u010dnost\u00ed Zars a uvid\u00edte, jak si p\u0159ivyd\u011bl\u00e1te t\u0159eba na dovolenou! Klikn\u011bte na na\u0161e internetov\u00e9 str\u00e1nky a p\u0159e\u010dt\u011bte si, jak\u00e9 podm\u00ednky mus\u00ed Chaty a chalupy k pron\u00e1jmut\u00ed spl\u0148ovat. Pokud jste v po\u0159\u00e1dku se v\u0161emi po\u017eadavky, u\u017e V\u00e1m nic nebr\u00e1n\u00ed za\u010d\u00edt vyu\u017e\u00edvat V\u00e1\u0161 objekt k vyd\u011bl\u00e1v\u00e1n\u00ed pen\u011bz! Dovolen\u00e1 je bl\u00edzko Tato na\u0161e nab\u00eddka je l\u00e1kav\u00e1 a je to zaj\u00edmav\u00fd a snadn\u00fd p\u0159\u00edjem pro v\u0161echny majitele t\u011bchto objekt\u016f. Chaty a chalupy k pronajmut\u00ed jsou \u017e\u00e1dan\u00e9 ve v\u0161ech lokalit\u00e1ch. Spojte se s n\u00e1mi a popi\u0161te n\u00e1m nejen sv\u016fj objekt, ale i okol\u00ed a jeho zaj\u00edmavosti sv\u00fdma o\u010dima!                                                                                                                                                                                                                                                                                                                                                                                                "},{"@context":"https:\/\/schema.org\/","@type":"BreadcrumbList","itemListElement":[{"@type":"ListItem","position":1,"name":"Chaty a chalupy k\u00a0pronajmut\u00ed \u2013 nab\u00eddka pro letn\u00ed i zimn\u00ed dovolenou","item":"https:\/\/www.plez.cz\/chaty-a-chalupy-k-pronajmuti-nabidka-pro-letni-i-zimni-dovolenou\/#breadcrumbitem"}]}]