[{"@context":"https:\/\/schema.org\/","@type":"Article","@id":"https:\/\/www.plez.cz\/chcete-se-odlisit\/#Article","mainEntityOfPage":"https:\/\/www.plez.cz\/chcete-se-odlisit\/","headline":"Chcete se odli\u0161it?","name":"Chcete se odli\u0161it?","description":"M\u00e1te t\u00fdm zam\u011bstnanc\u016f, se kter\u00fdmi se objevujete na r\u016fzn\u00fdch kulturn\u00edch, \u010di propaga\u010dn\u00edch akc\u00edch a chcete, aby se V\u00e1\u0161 t\u00fdm odli\u0161il [&hellip;]","datePublished":"2024-12-17","dateModified":"2024-12-17","author":{"@type":"Person","@id":"https:\/\/www.plez.cz\/author\/devene\/#Person","name":"devene","url":"https:\/\/www.plez.cz\/author\/devene\/","identifier":1,"image":{"@type":"ImageObject","@id":"https:\/\/secure.gravatar.com\/avatar\/16435f0a6c9262449b9ebb39f63178cd65c54b09f931b6f84682f48086e3d763?s=96&d=mm&r=g","url":"https:\/\/secure.gravatar.com\/avatar\/16435f0a6c9262449b9ebb39f63178cd65c54b09f931b6f84682f48086e3d763?s=96&d=mm&r=g","height":96,"width":96}},"publisher":{"@type":"Organization","name":"plez.cz","logo":{"@type":"ImageObject","@id":"\/logo.png","url":"\/logo.png","width":600,"height":60}},"url":"https:\/\/www.plez.cz\/chcete-se-odlisit\/","wordCount":159,"articleBody":"M\u00e1te t\u00fdm zam\u011bstnanc\u016f, se kter\u00fdmi se objevujete na r\u016fzn\u00fdch kulturn\u00edch, \u010di propaga\u010dn\u00edch akc\u00edch a chcete, aby se V\u00e1\u0161 t\u00fdm odli\u0161il od ostatn\u00edch, ale hlavn\u011b reprezentoval Va\u0161e produkty a slu\u017eby, kdekoliv se zrovna pohybuj\u00ed? Jednot\u00edc\u00edm prvkem sjednot\u00edte nejen zam\u011bstnance, ale slu\u017eb\u00e1m kter\u00e9 nab\u00edz\u00edte nav\u00edc dod\u00e1te na d\u016fv\u011bryhodnosti, nebo\u0165 zam\u011bstnanci budou vypadat d\u016fv\u011bryhodn\u011b a profesion\u00e1ln\u011b. Profesion\u00e1ln\u00ed a d\u016fv\u011bryhodn\u00e9 Reklamn\u00ed potisk textilu je dnes velmi roz\u0161\u00ed\u0159enou a obl\u00edbenou formou, jak sv\u00e9 zam\u011bstnance d\u00edky jednotn\u00e9mu potisku na oble\u010den\u00ed odli\u0161it od ostatn\u00edch, Zam\u011bstnanci nos\u00ed V\u00e1mi zvolen\u00fd motiv, nap\u0159\u00edklad logo Va\u0161\u00ed spole\u010dnosti. D\u00edky tomu je z\u00e1kazn\u00edci rozeznaj\u00ed od ostatn\u00edch prodejc\u016f a d\u00edky jednotn\u00e9mu vzhledu budou p\u016fsobit jako ucelen\u00fd t\u00fdm.                                                                                                                                                                                                                                                                                                                                                                                        5\/5 - (1 vote)        "},{"@context":"https:\/\/schema.org\/","@type":"BreadcrumbList","itemListElement":[{"@type":"ListItem","position":1,"name":"Chcete se odli\u0161it?","item":"https:\/\/www.plez.cz\/chcete-se-odlisit\/#breadcrumbitem"}]}]