[{"@context":"https:\/\/schema.org\/","@type":"Article","@id":"https:\/\/www.plez.cz\/dustojne-stari\/#Article","mainEntityOfPage":"https:\/\/www.plez.cz\/dustojne-stari\/","headline":"D\u016fstojn\u00e9 st\u00e1\u0159\u00ed","name":"D\u016fstojn\u00e9 st\u00e1\u0159\u00ed","description":"V\u011bt\u0161inu nemoc\u00ed, kter\u00e9 jsou spojen\u00e9 se spr\u00e1vn\u00fdm fungov\u00e1n\u00edm mozku a se st\u00e1\u0159\u00edm, se st\u00e1le neda\u0159\u00ed natolik zvl\u00e1dnout, aby byly pln\u011b [&hellip;]","datePublished":"2018-07-12","dateModified":"2018-07-12","author":{"@type":"Person","@id":"https:\/\/www.plez.cz\/author\/devene\/#Person","name":"devene","url":"https:\/\/www.plez.cz\/author\/devene\/","identifier":1,"image":{"@type":"ImageObject","@id":"https:\/\/secure.gravatar.com\/avatar\/16435f0a6c9262449b9ebb39f63178cd65c54b09f931b6f84682f48086e3d763?s=96&d=mm&r=g","url":"https:\/\/secure.gravatar.com\/avatar\/16435f0a6c9262449b9ebb39f63178cd65c54b09f931b6f84682f48086e3d763?s=96&d=mm&r=g","height":96,"width":96}},"publisher":{"@type":"Organization","name":"plez.cz","logo":{"@type":"ImageObject","@id":"\/logo.png","url":"\/logo.png","width":600,"height":60}},"image":{"@type":"ImageObject","@id":"https:\/\/www.plez.cz\/wp-content\/uploads\/img_a320128_w2195_t1531380375.jpg","url":"https:\/\/www.plez.cz\/wp-content\/uploads\/img_a320128_w2195_t1531380375.jpg","height":0,"width":0},"url":"https:\/\/www.plez.cz\/dustojne-stari\/","about":["Pen\u00edze"],"wordCount":388,"articleBody":" V\u011bt\u0161inu nemoc\u00ed, kter\u00e9 jsou spojen\u00e9 se spr\u00e1vn\u00fdm fungov\u00e1n\u00edm mozku a se st\u00e1\u0159\u00edm, se st\u00e1le neda\u0159\u00ed natolik zvl\u00e1dnout, aby byly pln\u011b l\u00e9\u010diteln\u00e9. Jednou z nich je i tolik ob\u00e1van\u00e1 Alzheimerova choroba. Tak\u00e9 se o n\u00ed mluv\u00ed jako o nemoci, kter\u00e1 bere lidem du\u0161i. Toto ozna\u010den\u00ed jist\u011b vzniklo z toho d\u016fvodu, \u017ee se pozvolna nemocn\u00fd za\u010d\u00edn\u00e1 m\u011bnit a v\u011bt\u0161inou to nen\u00ed k dobr\u00e9mu.Z naprosto klidn\u00e9ho a laskav\u00e9ho \u010dlov\u011bka se st\u00e1v\u00e1 agresivn\u00ed jedinec, kter\u00fd tyranizuje sv\u00e9 okol\u00ed. To jsou jist\u011b t\u011b\u017ek\u00e9 chv\u00edle. Je ale zapot\u0159eb\u00ed si uv\u011bdomit, \u017ee to na n\u00e1s nek\u0159i\u010d\u00ed n\u00e1\u0161 milovan\u00fd bl\u00edzk\u00fd, ale jeho choroba. V na\u0161\u00ed republice je mnoho r\u016fzn\u00fdch za\u0159\u00edzen\u00ed, d\u00edky kter\u00fdm nen\u00ed zapot\u0159eb\u00ed na celou z\u00e1le\u017eitost rezignovat a sm\u00ed\u0159it se s t\u00edm, \u017ee u\u017e bude v\u0161e jen hor\u0161\u00ed. Pochopen\u00ed je samoz\u0159ejmost\u00ed Specializovan\u00e1 centra nab\u00edzej\u00ed opravdov\u00fd domov pro seniory, kte\u0159\u00ed u\u017e nad sv\u00fdm \u017eivotem ztr\u00e1cej\u00ed kontrolu. Je to jist\u011b dobr\u00e9 \u0159e\u0161en\u00ed pro ob\u011b strany. Nen\u00ed p\u0159eci povinnost\u00ed vytrvat u nemocn\u00e9ho i za cenu sebezni\u010den\u00ed. Domov neboli Alzheimer centrum, zam\u011bstn\u00e1v\u00e1 pouze pracovn\u00edky, kte\u0159\u00ed pln\u011b ch\u00e1pou tento probl\u00e9m a p\u0159istupuj\u00ed ke ka\u017ed\u00e9mu klientovi s maxim\u00e1ln\u00edm pochopen\u00edm a l\u00e1skou. Hlavn\u00edm c\u00edlem nen\u00ed jen klienta ubytovat, ale poskytnout mu opravdov\u00fd domov a klidn\u00e9 z\u00e1zem\u00ed. To je toti\u017e to, co nemocn\u00fd pot\u0159ebuje nejv\u00edce. POCHOPEN\u00cd A JISTOTU, \u017dE SE V TOM NEZN\u00c1M\u00c9M SV\u011aT\u011a NEZTRAT\u00cd. Vysoce kvalifikovan\u00fd person\u00e1l zajist\u00ed va\u0161emu bl\u00edzk\u00e9mu p\u00e9\u010di po \u010dty\u0159iadvacet hodin denn\u011b, po cel\u00fd rok. Pro obyvatele domova jsou p\u0159ipraven\u00e9 nadstandardn\u00ed slu\u017eby. Maxim\u00e1ln\u00ed zdravotn\u00ed p\u00e9\u010de na nejvy\u0161\u0161\u00ed \u00farovni je samoz\u0159ejmost\u00ed. Ale to by jist\u011b bylo pro \u0161pi\u010dkov\u00e9 pracovi\u0161t\u011b m\u00e1lo. Doslova v ka\u017ed\u00e9m jedn\u00e1n\u00ed je patrn\u00e1 snaha o zachov\u00e1n\u00ed lidsk\u00e9 d\u016fstojnosti ka\u017ed\u00e9ho klienta, o prodlou\u017een\u00ed doby, po kterou je obyvatel domova pro seniory schopen se postarat s\u00e1m o sebe. \u010c\u00edm d\u00e9le je \u010dlov\u011bk sob\u011bsta\u010dn\u00fd, t\u00edm d\u00e9le je tak\u00e9 spokojen\u00fd.                                                                                                                                                                                                                                                                                                                                                                                         4\/5 - (1 vote)        "},{"@context":"https:\/\/schema.org\/","@type":"BreadcrumbList","itemListElement":[{"@type":"ListItem","position":1,"name":"D\u016fstojn\u00e9 st\u00e1\u0159\u00ed","item":"https:\/\/www.plez.cz\/dustojne-stari\/#breadcrumbitem"}]}]