[{"@context":"https:\/\/schema.org\/","@type":"Article","@id":"https:\/\/www.plez.cz\/kdyz-se-nam-uklid-bytu-vymyka-kontrole\/#Article","mainEntityOfPage":"https:\/\/www.plez.cz\/kdyz-se-nam-uklid-bytu-vymyka-kontrole\/","headline":"Kdy\u017e se n\u00e1m \u00faklid bytu vymyk\u00e1 kontrole","name":"Kdy\u017e se n\u00e1m \u00faklid bytu vymyk\u00e1 kontrole","description":"Stalo se v\u00e1m n\u011bkdy, \u017ee jste p\u0159i gener\u00e1ln\u00edm \u00faklidu v dom\u00e1cnosti zat\u00ednali zuby a sami pro sebe si jen tak [&hellip;]","datePublished":"2023-01-23","dateModified":"2023-04-25","author":{"@type":"Person","@id":"https:\/\/www.plez.cz\/author\/devene\/#Person","name":"devene","url":"https:\/\/www.plez.cz\/author\/devene\/","identifier":1,"image":{"@type":"ImageObject","@id":"https:\/\/secure.gravatar.com\/avatar\/16435f0a6c9262449b9ebb39f63178cd65c54b09f931b6f84682f48086e3d763?s=96&d=mm&r=g","url":"https:\/\/secure.gravatar.com\/avatar\/16435f0a6c9262449b9ebb39f63178cd65c54b09f931b6f84682f48086e3d763?s=96&d=mm&r=g","height":96,"width":96}},"publisher":{"@type":"Organization","name":"plez.cz","logo":{"@type":"ImageObject","@id":"\/logo.png","url":"\/logo.png","width":600,"height":60}},"image":{"@type":"ImageObject","@id":"https:\/\/www.plez.cz\/wp-content\/uploads\/woman-ga7f083f57_640.jpg","url":"https:\/\/www.plez.cz\/wp-content\/uploads\/woman-ga7f083f57_640.jpg","height":0,"width":0},"url":"https:\/\/www.plez.cz\/kdyz-se-nam-uklid-bytu-vymyka-kontrole\/","about":["Slu\u017eby"],"wordCount":420,"articleBody":"         Stalo se v\u00e1m n\u011bkdy, \u017ee jste p\u0159i gener\u00e1ln\u00edm \u00faklidu v dom\u00e1cnosti zat\u00ednali zuby a sami pro sebe si jen tak nahlas zakleli, \u017ee p\u0159\u00ed\u0161t\u011b u\u017e se na to m\u016f\u017eete \u201evyka\u0161lat\u201c a sjedn\u00e1te si \u00faklidovou firmu? Tento jev nen\u00ed nijak neobvykl\u00fd, proto\u017ee se p\u0159i \u00faklidu mnohdy dost\u00e1v\u00e1me do sv\u00edzeln\u00fdch situac\u00ed, v nich\u017e bychom se nejrad\u011bji nevid\u011bli a p\u0159enechali \u0159e\u0161en\u00ed situace na n\u011bkom jin\u00e9m. Pro\u010d si sjednat na \u00faklid dom\u00e1cnosti profesion\u00e1ly?Myt\u00ed oken \u2013 um\u00fdv\u00e1n\u00ed oken je pro profesion\u00e1ly b\u011b\u017enou rutinou, ostatn\u011b dozv\u00edte se o tom nap\u0159\u00edklad v pas\u00e1\u017ei O n\u00e1s https:\/\/www.mvcleaningservices.cz\/o-n%C3%A1s. Pro n\u00e1s ostatn\u00ed oby\u010dejn\u00e9 smrteln\u00edky to m\u016f\u017ee znamenat spoustu nep\u0159\u00edjemnost\u00ed a tak\u00e9 nebezpe\u010dn\u00e9 situace. Mo\u017en\u00e1 se pozastav\u00edte nad t\u00edm, jak je mo\u017en\u00e9, \u017ee n\u011bkdo mohl p\u0159i myt\u00ed oken vypadnout z okna, a p\u0159esto se to st\u00e1v\u00e1. Bohu\u017eel to nejsou ojedin\u011bl\u00e9 p\u0159\u00edpady, je to docela \u010dast\u00fd jev, kter\u00fd v\u011bt\u0161inou kon\u010d\u00ed velmi tragicky. Dokonce i p\u00e1dy z mal\u00e9 v\u00fd\u0161ky, dopadne-li doty\u010dn\u00e1 osoba na hlavu, nebo si p\u0159ivod\u00ed vnit\u0159n\u00ed zran\u011bn\u00ed b\u0159icha, mohou znamenat smrt anebo trvalou invaliditu.Koberce \u2013 v\u011bt\u0161ina dom\u00e1cnost\u00ed disponuje b\u011b\u017en\u00fdm s\u00e1\u010dkov\u00fdm such\u00fdm vysava\u010dem. Vysava\u010d pouze ods\u00e1v\u00e1 prach a dal\u0161\u00ed drobn\u00e9 ne\u010distoty ale rozhodn\u011b si neporad\u00ed se v\u0161\u00edm. \u010casem koberec za\u010dne m\u011bnit barvu do \u0161edav\u00fdch odst\u00edn\u016f a jeho od\u00e9r v\u00e1m m\u016f\u017ee p\u0159ipom\u00ednat nemyt\u00e1 bos\u00e1 chodidla. Toto je \u010dast\u00fd jev, kde lid\u00e9 chod\u00ed v dom\u00e1cnosti naboso nebo v pono\u017ek\u00e1ch, co\u017e je pom\u011brn\u011b obvykl\u00e9. Proto se vhodn\u00e9 koberce \u010das od \u010dasu nechat vy\u010distit odborn\u00edky, nej\u010dast\u011bji mokr\u00fdm zp\u016fsobem speci\u00e1ln\u00edm strojem.\u00daklid p\u0159ed svatbou \u2013 svatba je sama o sob\u011b nejkr\u00e1sn\u011bj\u0161\u00ed \u017eivotn\u00ed ud\u00e1lost, to nelze pop\u0159\u00edt, ale ty p\u0159\u00edpravy mnohdy stoj\u00ed spoustu od\u0159\u00edk\u00e1n\u00ed a p\u0159in\u00e1\u0161\u00ed i stresov\u00e9 situace. Dop\u0159ejte budouc\u00edmu man\u017eelsk\u00e9mu p\u00e1ru i sami sob\u011b a dal\u0161\u00edm akt\u00e9r\u016fm trochu klidu a soust\u0159e\u010fte se na to podstatn\u00e9 \u2013 na p\u0159\u00edpravu slavnostn\u00edho menu, na dekorace, zaji\u0161t\u011bn\u00ed zahradn\u00edho posezen\u00ed pod party stanem a program voln\u00e9 z\u00e1bavy.                                                                                                                                                                                                                                                                                                                                                                                          4\/5 - (2 votes)        "},{"@context":"https:\/\/schema.org\/","@type":"BreadcrumbList","itemListElement":[{"@type":"ListItem","position":1,"name":"Kdy\u017e se n\u00e1m \u00faklid bytu vymyk\u00e1 kontrole","item":"https:\/\/www.plez.cz\/kdyz-se-nam-uklid-bytu-vymyka-kontrole\/#breadcrumbitem"}]}]