[{"@context":"https:\/\/schema.org\/","@type":"Article","@id":"https:\/\/www.plez.cz\/nasi-kovari-delaji-krasne-mrize-brany-ruze-aj\/#Article","mainEntityOfPage":"https:\/\/www.plez.cz\/nasi-kovari-delaji-krasne-mrize-brany-ruze-aj\/","headline":"Na\u0161i kov\u00e1\u0159i d\u011blaj\u00ed kr\u00e1sn\u00e9 m\u0159\u00ed\u017ee, br\u00e1ny, r\u016f\u017ee aj.","name":"Na\u0161i kov\u00e1\u0159i d\u011blaj\u00ed kr\u00e1sn\u00e9 m\u0159\u00ed\u017ee, br\u00e1ny, r\u016f\u017ee aj.","description":"Kdo jsme? Jsme firma, kter\u00e1 nab\u00edz\u00ed slu\u017eby um\u011bleck\u00e9ho kov\u00e1\u0159stv\u00ed a z\u00e1me\u010dnictv\u00ed. Vyr\u00e1b\u00edme ve\u0161ker\u00e9 typy br\u00e1n, v\u010detn\u011b branek a oplocen\u00ed, bezpe\u010dnostn\u00ed [&hellip;]","datePublished":"2023-06-27","dateModified":"2023-07-27","author":{"@type":"Person","@id":"https:\/\/www.plez.cz\/author\/devene\/#Person","name":"devene","url":"https:\/\/www.plez.cz\/author\/devene\/","identifier":1,"image":{"@type":"ImageObject","@id":"https:\/\/secure.gravatar.com\/avatar\/16435f0a6c9262449b9ebb39f63178cd65c54b09f931b6f84682f48086e3d763?s=96&d=mm&r=g","url":"https:\/\/secure.gravatar.com\/avatar\/16435f0a6c9262449b9ebb39f63178cd65c54b09f931b6f84682f48086e3d763?s=96&d=mm&r=g","height":96,"width":96}},"publisher":{"@type":"Organization","name":"plez.cz","logo":{"@type":"ImageObject","@id":"\/logo.png","url":"\/logo.png","width":600,"height":60}},"image":{"@type":"ImageObject","@id":"https:\/\/www.plez.cz\/wp-content\/uploads\/forge-550622_1280.jpg","url":"https:\/\/www.plez.cz\/wp-content\/uploads\/forge-550622_1280.jpg","height":0,"width":0},"url":"https:\/\/www.plez.cz\/nasi-kovari-delaji-krasne-mrize-brany-ruze-aj\/","about":["N\u00e1kupy"],"wordCount":441,"articleBody":"        Kdo jsme? Jsme firma, kter\u00e1 nab\u00edz\u00ed slu\u017eby um\u011bleck\u00e9ho kov\u00e1\u0159stv\u00ed a z\u00e1me\u010dnictv\u00ed. Vyr\u00e1b\u00edme ve\u0161ker\u00e9 typy br\u00e1n, v\u010detn\u011b branek a oplocen\u00ed, bezpe\u010dnostn\u00ed m\u0159\u00ed\u017ee a dve\u0159e, schodi\u0161t\u011b v\u010detn\u011b z\u00e1bradl\u00ed, ale i ocelov\u00e9 konstrukce a jin\u00e9.   Co d\u011bl\u00e1 kov\u00e1\u0159? Kov\u00e1\u0159 zpracov\u00e1v\u00e1 zd\u00e1nliv\u011b netv\u00e1rnou hmotu nap\u0159\u00edklad \u2013 \u017eelezo, ocel. V\u017edy se domluv\u00edm se sv\u00fdmi z\u00e1kazn\u00edky, co by si p\u0159\u00e1l, pak pracuje v d\u00edln\u011b \u2013 nakoup\u00ed materi\u00e1l, zpracuje ho, na\u0159e\u017ee, oh\u0159eje, mnohokr\u00e1t do n\u011bho ude\u0159it bu\u010f kladivem nebo pomoc\u00ed kucharu. Um\u011bleck\u00fd kov\u00e1\u0159 p\u0159\u00edmo zpracov\u00e1v\u00e1 \u017eelezo za tepla a tvo\u0159\u00ed r\u016fzn\u00e9 tvary na kovadlin\u011b. Pak se \u017eelezo mus\u00ed zah\u0159\u00e1t, aby s n\u00edm \u0161lo d\u00e1le pracovat, je to p\u0159edev\u0161\u00edm ru\u010dn\u00ed pr\u00e1ce. Kova\u0159ina nen\u00ed jen o bouch\u00e1n\u00ed kladivem do \u017eeleza, ale je to o tom, \u017ee kov\u00e1\u0159 (um\u011blec) dok\u00e1\u017ee svoji my\u0161lenku vlo\u017eit do um\u011bleck\u00e9ho d\u00edla (do toho, co vykov\u00e1). Tak\u017ee se d\u00e1 \u0159\u00edct, \u017ee kova\u0159ina je vlastn\u011b i ur\u010dit\u00fd druh um\u011bn\u00ed. Jak\u00e9 z\u00e1kladn\u00ed dovednosti jsou pot\u0159eba k tomu, aby se mohl \u010dlov\u011bk st\u00e1t kov\u00e1\u0159em? Mus\u00ed b\u00fdt technicky a fyzicky zdatn\u00fd a trp\u011bliv\u00fd.  Jak\u00e9 n\u00e1\u0159ad\u00ed je ke kova\u0159in\u011b pot\u0159eba? Je pot\u0159eba spoustu n\u00e1\u0159ad\u00ed, kter\u00e9 si kov\u00e1\u0159 mus\u00ed vyrobit. Nap\u0159\u00edklad- kle\u0161t\u011b, kladiva, r\u016fzn\u00e9 p\u0159\u00edpravky na usnadn\u011bn\u00ed pr\u00e1ce, sek\u00e1\u010de aj. Tak\u00e9 ale pot\u0159ebuje n\u00e1stroje, kter\u00e9 vyrobit nelze a t\u00edm jsou nap\u0159\u00edklad-,,stroje&#8220; t\u0159eba- brusky, sv\u00e1\u0159e\u010dky, vrta\u010dky, lis, atd. Co nab\u00edz\u00ed na\u0161e firma- ArtSmith- um\u011bleck\u00e9 kov\u00e1\u0159stv\u00ed a kovov\u00fdroba? Vyr\u00e1b\u00edme kovov\u00e9 br\u00e1ny, kovov\u00e9 m\u0159\u00ed\u017ee a kovan\u00e9 z\u00e1bradl\u00ed na zak\u00e1zku. Moc kr\u00e1sn\u00e1 dvouk\u0159\u00eddl\u00e1 br\u00e1na \u010e\u00e1blice v \u0161ed\u00e9 barv\u011b s kr\u00e1snou vykovanou kv\u011btinou na br\u00e1n\u011b, d\u00e1le vyr\u00e1b\u00edme r\u016fzn\u00e9 kovan\u00e9 m\u0159\u00ed\u017ee do kostel\u016f, velice kr\u00e1sn\u00e9 jsou kovan\u00e9 r\u016f\u017ee. Tak\u00e9 n\u00e1s m\u016f\u017eete ale kontaktovat co byste cht\u011bli vykovat, v\u00e1\u0161 vlastn\u00ed n\u00e1pad, nebo n\u00e1m ho nakreslit a my se je sna\u017e\u00edme vytvo\u0159it-vykovat. Mus\u00ed to b\u00fdt ale kovan\u00e9 br\u00e1ny, m\u0159\u00ed\u017ee anebo z\u00e1bradl\u00ed. Pokud chcete n\u011bco takov\u00e9ho od n\u00e1s vytvo\u0159it, kontaktujte n\u00e1s na na\u0161\u00edch internetov\u00fdch str\u00e1nk\u00e1ch, sta\u010d\u00ed n\u00e1m jen poslat zpr\u00e1vu. Ve spolupr\u00e1ci s https:\/\/francouzske-parfemy.cz\/.                                                                                                                                                                                                                                                                                                                                                                                          5\/5 - (2 votes)        "},{"@context":"https:\/\/schema.org\/","@type":"BreadcrumbList","itemListElement":[{"@type":"ListItem","position":1,"name":"Na\u0161i kov\u00e1\u0159i d\u011blaj\u00ed kr\u00e1sn\u00e9 m\u0159\u00ed\u017ee, br\u00e1ny, r\u016f\u017ee aj.","item":"https:\/\/www.plez.cz\/nasi-kovari-delaji-krasne-mrize-brany-ruze-aj\/#breadcrumbitem"}]}]