[{"@context":"https:\/\/schema.org\/","@type":"Blog","@id":"https:\/\/www.plez.cz#Blog","headline":"Plez","description":"\nNejeden web sice vznikl proto, aby si jeho majitel nahrabal pen\u00edze pochybn\u00fdmi \u010dachry, ale bu\u010fte uji\u0161t\u011bni, \u017ee to rozhodn\u011b nen\u00ed p\u0159\u00edpad na\u0161\u00ed nab\u00eddky.","url":"https:\/\/www.plez.cz","hasPart":[{"@type":"Article","@id":"https:\/\/www.plez.cz\/mobilni-domy-maji-mnoho-podob\/","headline":"Mobiln\u00ed domy maj\u00ed mnoho podob","url":"https:\/\/www.plez.cz\/mobilni-domy-maji-mnoho-podob\/","datePublished":"2018-09-15","dateModified":"2018-09-15","mainEntityOfPage":"https:\/\/www.plez.cz\/mobilni-domy-maji-mnoho-podob\/","author":{"@type":"Person","@id":"https:\/\/www.plez.cz\/author\/devene\/#Person","name":"devene","url":"https:\/\/www.plez.cz\/author\/devene\/","identifier":1,"image":{"@type":"ImageObject","@id":"https:\/\/secure.gravatar.com\/avatar\/16435f0a6c9262449b9ebb39f63178cd65c54b09f931b6f84682f48086e3d763?s=96&d=mm&r=g","url":"https:\/\/secure.gravatar.com\/avatar\/16435f0a6c9262449b9ebb39f63178cd65c54b09f931b6f84682f48086e3d763?s=96&d=mm&r=g","height":96,"width":96}},"publisher":{"@type":"Organization","name":"plez.cz","logo":{"@type":"ImageObject","@id":"\/logo.png","url":"\/logo.png","width":600,"height":60}},"image":{"@type":"ImageObject","@id":"https:\/\/www.plez.cz\/wp-content\/uploads\/img_a324921_w1755_t1536909704.jpg","url":"https:\/\/www.plez.cz\/wp-content\/uploads\/img_a324921_w1755_t1536909704.jpg","height":0,"width":0},"wordCount":527,"keywords":null},{"@type":"Article","@id":"https:\/\/www.plez.cz\/sverte-svoji-narocnou-praci-opravdovym-profesionalum\/","headline":"Sv\u011b\u0159te svoji n\u00e1ro\u010dnou pr\u00e1ci opravdov\u00fdm profesion\u00e1l\u016fm","url":"https:\/\/www.plez.cz\/sverte-svoji-narocnou-praci-opravdovym-profesionalum\/","datePublished":"2018-09-10","dateModified":"2018-09-10","mainEntityOfPage":"https:\/\/www.plez.cz\/sverte-svoji-narocnou-praci-opravdovym-profesionalum\/","author":{"@type":"Person","@id":"https:\/\/www.plez.cz\/author\/devene\/#Person","name":"devene","url":"https:\/\/www.plez.cz\/author\/devene\/","identifier":1,"image":{"@type":"ImageObject","@id":"https:\/\/secure.gravatar.com\/avatar\/16435f0a6c9262449b9ebb39f63178cd65c54b09f931b6f84682f48086e3d763?s=96&d=mm&r=g","url":"https:\/\/secure.gravatar.com\/avatar\/16435f0a6c9262449b9ebb39f63178cd65c54b09f931b6f84682f48086e3d763?s=96&d=mm&r=g","height":96,"width":96}},"publisher":{"@type":"Organization","name":"plez.cz","logo":{"@type":"ImageObject","@id":"\/logo.png","url":"\/logo.png","width":600,"height":60}},"image":{"@type":"ImageObject","@id":"https:\/\/www.plez.cz\/wp-content\/uploads\/img_a326968_w1722_t1539152426.png","url":"https:\/\/www.plez.cz\/wp-content\/uploads\/img_a326968_w1722_t1539152426.png","height":0,"width":0},"wordCount":504,"keywords":null},{"@type":"Article","@id":"https:\/\/www.plez.cz\/drevena-postel-s-uloznym-prostorem\/","headline":"D\u0159ev\u011bn\u00e1 postel s \u00falo\u017en\u00fdm prostorem","url":"https:\/\/www.plez.cz\/drevena-postel-s-uloznym-prostorem\/","datePublished":"2018-09-09","dateModified":"2018-09-09","mainEntityOfPage":"https:\/\/www.plez.cz\/drevena-postel-s-uloznym-prostorem\/","author":{"@type":"Person","@id":"https:\/\/www.plez.cz\/author\/devene\/#Person","name":"devene","url":"https:\/\/www.plez.cz\/author\/devene\/","identifier":1,"image":{"@type":"ImageObject","@id":"https:\/\/secure.gravatar.com\/avatar\/16435f0a6c9262449b9ebb39f63178cd65c54b09f931b6f84682f48086e3d763?s=96&d=mm&r=g","url":"https:\/\/secure.gravatar.com\/avatar\/16435f0a6c9262449b9ebb39f63178cd65c54b09f931b6f84682f48086e3d763?s=96&d=mm&r=g","height":96,"width":96}},"publisher":{"@type":"Organization","name":"plez.cz","logo":{"@type":"ImageObject","@id":"\/logo.png","url":"\/logo.png","width":600,"height":60}},"image":{"@type":"ImageObject","@id":"https:\/\/www.plez.cz\/wp-content\/uploads\/img_a325507_w2493_t1537425438.jpg","url":"https:\/\/www.plez.cz\/wp-content\/uploads\/img_a325507_w2493_t1537425438.jpg","height":0,"width":0},"wordCount":528,"keywords":null},{"@type":"Article","@id":"https:\/\/www.plez.cz\/telefon-s-fantazii\/","headline":"Telefon s fantazi\u00ed","url":"https:\/\/www.plez.cz\/telefon-s-fantazii\/","datePublished":"2018-09-06","dateModified":"2018-09-06","mainEntityOfPage":"https:\/\/www.plez.cz\/telefon-s-fantazii\/","author":{"@type":"Person","@id":"https:\/\/www.plez.cz\/author\/devene\/#Person","name":"devene","url":"https:\/\/www.plez.cz\/author\/devene\/","identifier":1,"image":{"@type":"ImageObject","@id":"https:\/\/secure.gravatar.com\/avatar\/16435f0a6c9262449b9ebb39f63178cd65c54b09f931b6f84682f48086e3d763?s=96&d=mm&r=g","url":"https:\/\/secure.gravatar.com\/avatar\/16435f0a6c9262449b9ebb39f63178cd65c54b09f931b6f84682f48086e3d763?s=96&d=mm&r=g","height":96,"width":96}},"publisher":{"@type":"Organization","name":"plez.cz","logo":{"@type":"ImageObject","@id":"\/logo.png","url":"\/logo.png","width":600,"height":60}},"image":{"@type":"ImageObject","@id":"https:\/\/www.plez.cz\/wp-content\/uploads\/img_a326277_w1693_t1538385283.jpg","url":"https:\/\/www.plez.cz\/wp-content\/uploads\/img_a326277_w1693_t1538385283.jpg","height":0,"width":0},"wordCount":506,"keywords":null},{"@type":"Article","@id":"https:\/\/www.plez.cz\/nektere-veci-je-proste-potreba-po-nejake-dobe-vymenit-za-novejsi\/","headline":"N\u011bkter\u00e9 v\u011bci je prost\u011b pot\u0159eba po n\u011bjak\u00e9 dob\u011b vym\u011bnit za nov\u011bj\u0161\u00ed","url":"https:\/\/www.plez.cz\/nektere-veci-je-proste-potreba-po-nejake-dobe-vymenit-za-novejsi\/","datePublished":"2018-09-03","dateModified":"2023-10-16","mainEntityOfPage":"https:\/\/www.plez.cz\/nektere-veci-je-proste-potreba-po-nejake-dobe-vymenit-za-novejsi\/","author":{"@type":"Person","@id":"https:\/\/www.plez.cz\/author\/devene\/#Person","name":"devene","url":"https:\/\/www.plez.cz\/author\/devene\/","identifier":1,"image":{"@type":"ImageObject","@id":"https:\/\/secure.gravatar.com\/avatar\/16435f0a6c9262449b9ebb39f63178cd65c54b09f931b6f84682f48086e3d763?s=96&d=mm&r=g","url":"https:\/\/secure.gravatar.com\/avatar\/16435f0a6c9262449b9ebb39f63178cd65c54b09f931b6f84682f48086e3d763?s=96&d=mm&r=g","height":96,"width":96}},"publisher":{"@type":"Organization","name":"plez.cz","logo":{"@type":"ImageObject","@id":"\/logo.png","url":"\/logo.png","width":600,"height":60}},"image":{"@type":"ImageObject","@id":"https:\/\/www.plez.cz\/wp-content\/uploads\/img_a325550_w2730_t1537445310.jpg","url":"https:\/\/www.plez.cz\/wp-content\/uploads\/img_a325550_w2730_t1537445310.jpg","height":0,"width":0},"wordCount":2891,"keywords":null},{"@type":"Article","@id":"https:\/\/www.plez.cz\/idealni-poppers\/","headline":"Ide\u00e1ln\u00ed poppers","url":"https:\/\/www.plez.cz\/idealni-poppers\/","datePublished":"2018-09-02","dateModified":"2018-09-02","mainEntityOfPage":"https:\/\/www.plez.cz\/idealni-poppers\/","author":{"@type":"Person","@id":"https:\/\/www.plez.cz\/author\/devene\/#Person","name":"devene","url":"https:\/\/www.plez.cz\/author\/devene\/","identifier":1,"image":{"@type":"ImageObject","@id":"https:\/\/secure.gravatar.com\/avatar\/16435f0a6c9262449b9ebb39f63178cd65c54b09f931b6f84682f48086e3d763?s=96&d=mm&r=g","url":"https:\/\/secure.gravatar.com\/avatar\/16435f0a6c9262449b9ebb39f63178cd65c54b09f931b6f84682f48086e3d763?s=96&d=mm&r=g","height":96,"width":96}},"publisher":{"@type":"Organization","name":"plez.cz","logo":{"@type":"ImageObject","@id":"\/logo.png","url":"\/logo.png","width":600,"height":60}},"image":{"@type":"ImageObject","@id":"https:\/\/www.plez.cz\/wp-content\/uploads\/img_a326812_w1765_t1538988106.png","url":"https:\/\/www.plez.cz\/wp-content\/uploads\/img_a326812_w1765_t1538988106.png","height":0,"width":0},"wordCount":514,"keywords":null},{"@type":"Article","@id":"https:\/\/www.plez.cz\/sex-nemusi-byt-nudnou-zalezitosti\/","headline":"Sex nemus\u00ed b\u00fdt nudnou z\u00e1le\u017eitost\u00ed","url":"https:\/\/www.plez.cz\/sex-nemusi-byt-nudnou-zalezitosti\/","datePublished":"2018-09-02","dateModified":"2018-09-02","mainEntityOfPage":"https:\/\/www.plez.cz\/sex-nemusi-byt-nudnou-zalezitosti\/","author":{"@type":"Person","@id":"https:\/\/www.plez.cz\/author\/devene\/#Person","name":"devene","url":"https:\/\/www.plez.cz\/author\/devene\/","identifier":1,"image":{"@type":"ImageObject","@id":"https:\/\/secure.gravatar.com\/avatar\/16435f0a6c9262449b9ebb39f63178cd65c54b09f931b6f84682f48086e3d763?s=96&d=mm&r=g","url":"https:\/\/secure.gravatar.com\/avatar\/16435f0a6c9262449b9ebb39f63178cd65c54b09f931b6f84682f48086e3d763?s=96&d=mm&r=g","height":96,"width":96}},"publisher":{"@type":"Organization","name":"plez.cz","logo":{"@type":"ImageObject","@id":"\/logo.png","url":"\/logo.png","width":600,"height":60}},"image":{"@type":"ImageObject","@id":"https:\/\/www.plez.cz\/wp-content\/uploads\/img_a325897_w2306_t1538039508.jpg","url":"https:\/\/www.plez.cz\/wp-content\/uploads\/img_a325897_w2306_t1538039508.jpg","height":0,"width":0},"wordCount":624,"keywords":null},{"@type":"Article","@id":"https:\/\/www.plez.cz\/osram-nebo-philips-hlavne-at-to-sviti\/","headline":"Osram nebo Philips, hlavn\u011b a\u0165 to sv\u00edt\u00ed","url":"https:\/\/www.plez.cz\/osram-nebo-philips-hlavne-at-to-sviti\/","datePublished":"2018-08-24","dateModified":"2023-10-16","mainEntityOfPage":"https:\/\/www.plez.cz\/osram-nebo-philips-hlavne-at-to-sviti\/","author":{"@type":"Person","@id":"https:\/\/www.plez.cz\/author\/devene\/#Person","name":"devene","url":"https:\/\/www.plez.cz\/author\/devene\/","identifier":1,"image":{"@type":"ImageObject","@id":"https:\/\/secure.gravatar.com\/avatar\/16435f0a6c9262449b9ebb39f63178cd65c54b09f931b6f84682f48086e3d763?s=96&d=mm&r=g","url":"https:\/\/secure.gravatar.com\/avatar\/16435f0a6c9262449b9ebb39f63178cd65c54b09f931b6f84682f48086e3d763?s=96&d=mm&r=g","height":96,"width":96}},"publisher":{"@type":"Organization","name":"plez.cz","logo":{"@type":"ImageObject","@id":"\/logo.png","url":"\/logo.png","width":600,"height":60}},"image":{"@type":"ImageObject","@id":"https:\/\/www.plez.cz\/wp-content\/uploads\/img_a327912_w1723_t1540371330.jpg","url":"https:\/\/www.plez.cz\/wp-content\/uploads\/img_a327912_w1723_t1540371330.jpg","height":0,"width":0},"wordCount":901,"keywords":null},{"@type":"Article","@id":"https:\/\/www.plez.cz\/vestaveny-nabytek-je-trefou-do-cerneho\/","headline":"Vestav\u011bn\u00fd n\u00e1bytek je trefou do \u010dern\u00e9ho","url":"https:\/\/www.plez.cz\/vestaveny-nabytek-je-trefou-do-cerneho\/","datePublished":"2018-08-19","dateModified":"2018-08-19","mainEntityOfPage":"https:\/\/www.plez.cz\/vestaveny-nabytek-je-trefou-do-cerneho\/","author":{"@type":"Person","@id":"https:\/\/www.plez.cz\/author\/devene\/#Person","name":"devene","url":"https:\/\/www.plez.cz\/author\/devene\/","identifier":1,"image":{"@type":"ImageObject","@id":"https:\/\/secure.gravatar.com\/avatar\/16435f0a6c9262449b9ebb39f63178cd65c54b09f931b6f84682f48086e3d763?s=96&d=mm&r=g","url":"https:\/\/secure.gravatar.com\/avatar\/16435f0a6c9262449b9ebb39f63178cd65c54b09f931b6f84682f48086e3d763?s=96&d=mm&r=g","height":96,"width":96}},"publisher":{"@type":"Organization","name":"plez.cz","logo":{"@type":"ImageObject","@id":"\/logo.png","url":"\/logo.png","width":600,"height":60}},"image":{"@type":"ImageObject","@id":"https:\/\/www.plez.cz\/wp-content\/uploads\/img_a324489_w2398_t1536318101.jpg","url":"https:\/\/www.plez.cz\/wp-content\/uploads\/img_a324489_w2398_t1536318101.jpg","height":0,"width":0},"wordCount":580,"keywords":null},{"@type":"Article","@id":"https:\/\/www.plez.cz\/nezbytna-optimalizace\/","headline":"Nezbytn\u00e1 optimalizace","url":"https:\/\/www.plez.cz\/nezbytna-optimalizace\/","datePublished":"2018-08-19","dateModified":"2018-08-19","mainEntityOfPage":"https:\/\/www.plez.cz\/nezbytna-optimalizace\/","author":{"@type":"Person","@id":"https:\/\/www.plez.cz\/author\/devene\/#Person","name":"devene","url":"https:\/\/www.plez.cz\/author\/devene\/","identifier":1,"image":{"@type":"ImageObject","@id":"https:\/\/secure.gravatar.com\/avatar\/16435f0a6c9262449b9ebb39f63178cd65c54b09f931b6f84682f48086e3d763?s=96&d=mm&r=g","url":"https:\/\/secure.gravatar.com\/avatar\/16435f0a6c9262449b9ebb39f63178cd65c54b09f931b6f84682f48086e3d763?s=96&d=mm&r=g","height":96,"width":96}},"publisher":{"@type":"Organization","name":"plez.cz","logo":{"@type":"ImageObject","@id":"\/logo.png","url":"\/logo.png","width":600,"height":60}},"image":{"@type":"ImageObject","@id":"https:\/\/www.plez.cz\/wp-content\/uploads\/img_a324510_w2118_t1536392484.png","url":"https:\/\/www.plez.cz\/wp-content\/uploads\/img_a324510_w2118_t1536392484.png","height":0,"width":0},"wordCount":516,"keywords":null}]},{"@context":"https:\/\/schema.org","@type":"WebSite","@id":"https:\/\/www.plez.cz\/#website","name":"Plez","url":"https:\/\/www.plez.cz","potentialAction":{"@type":"SearchAction","target":"https:\/\/www.plez.cz\/?s={search_term_string}","query-input":"required name=search_term_string"}}]