[{"@context":"https:\/\/schema.org\/","@type":"Article","@id":"https:\/\/www.plez.cz\/vestaveny-nabytek-je-trefou-do-cerneho\/#Article","mainEntityOfPage":"https:\/\/www.plez.cz\/vestaveny-nabytek-je-trefou-do-cerneho\/","headline":"Vestav\u011bn\u00fd n\u00e1bytek je trefou do \u010dern\u00e9ho","name":"Vestav\u011bn\u00fd n\u00e1bytek je trefou do \u010dern\u00e9ho","description":"U\u017e v\u00e1s nebav\u00ed vrz\u00e1n\u00ed va\u0161\u00ed star\u00e9 sk\u0159\u00edn\u011b p\u0159i ka\u017ed\u00e9m pokusu ji otev\u0159\u00edt? Nebav\u00ed v\u00e1s, \u017ee tento kus n\u00e1bytku zab\u00edr\u00e1 t\u00e9m\u011b\u0159 [&hellip;]","datePublished":"2018-08-19","dateModified":"2018-08-19","author":{"@type":"Person","@id":"https:\/\/www.plez.cz\/author\/devene\/#Person","name":"devene","url":"https:\/\/www.plez.cz\/author\/devene\/","identifier":1,"image":{"@type":"ImageObject","@id":"https:\/\/secure.gravatar.com\/avatar\/16435f0a6c9262449b9ebb39f63178cd65c54b09f931b6f84682f48086e3d763?s=96&d=mm&r=g","url":"https:\/\/secure.gravatar.com\/avatar\/16435f0a6c9262449b9ebb39f63178cd65c54b09f931b6f84682f48086e3d763?s=96&d=mm&r=g","height":96,"width":96}},"publisher":{"@type":"Organization","name":"plez.cz","logo":{"@type":"ImageObject","@id":"\/logo.png","url":"\/logo.png","width":600,"height":60}},"image":{"@type":"ImageObject","@id":"https:\/\/www.plez.cz\/wp-content\/uploads\/img_a324489_w2398_t1536318101.jpg","url":"https:\/\/www.plez.cz\/wp-content\/uploads\/img_a324489_w2398_t1536318101.jpg","height":0,"width":0},"url":"https:\/\/www.plez.cz\/vestaveny-nabytek-je-trefou-do-cerneho\/","about":["Moto"],"wordCount":460,"articleBody":" U\u017e v\u00e1s nebav\u00ed vrz\u00e1n\u00ed va\u0161\u00ed star\u00e9 sk\u0159\u00edn\u011b p\u0159i ka\u017ed\u00e9m pokusu ji otev\u0159\u00edt? Nebav\u00ed v\u00e1s, \u017ee tento kus n\u00e1bytku zab\u00edr\u00e1 t\u00e9m\u011b\u0159 polovinu m\u00edstnosti, ale p\u0159itom v\u00e1m neposkytuje pot\u0159ebn\u00e9 m\u00edsto? Dejte stop klasick\u00e9mu n\u00e1bytku a vsa\u010fte na ten vestav\u011bn\u00fd. Ten je samoz\u0159ejm\u011b mnohem prakti\u010dt\u011bj\u0161\u00ed a lep\u0161\u00ed po v\u0161ech str\u00e1nk\u00e1ch. Vestav\u011bn\u00e9 sk\u0159\u00edn\u011b si zamilujete u\u017e po prvn\u00edm otev\u0159en\u00ed, disponuj\u00ed toti\u017e hromadou v\u00fdhod, kter\u00e9 jsou zkr\u00e1tka nenahraditeln\u00e9.   Poskytnou v\u00e1m dostatek prostoru, s p\u0159ehledem se do nich vejdou v\u0161echny va\u0161e v\u011bci. Nezab\u00edraj\u00ed p\u0159\u00edli\u0161 m\u00edsta v prostoru, jsou sp\u00ed\u0161e nen\u00e1padn\u00e9, vysok\u00e9 a \u0161t\u00edhl\u00e9, dok\u00e1\u017eou skv\u011ble vyu\u017e\u00edt ka\u017ed\u00e9ho centimetru ve va\u0161\u00ed m\u00edstnosti. Nikdy v\u00e1m nebudou p\u0159ek\u00e1\u017eet. Jsou vyroben\u00e9 z odoln\u00fdch a kvalitn\u00edch materi\u00e1l\u016f, d\u00edky \u010demu\u017e v\u00e1m budou perfektn\u011b slou\u017eit dlouh\u00e9 roky. D\u00edky modern\u00edm dekor\u016fm budou tvo\u0159it stylovou sou\u010d\u00e1st va\u0161eho interi\u00e9ru a dod\u00e1vat mu atmosf\u00e9ru a kouzlo.  Spr\u00e1vn\u00e1 volba materi\u00e1lu a dekoru Pokud se rozhodnete pro v\u00fdrobu na m\u00edru, tak je pot\u0159ebn\u00e9 si p\u0159edem promyslet, co od n\u00e1bytku vlastn\u011b o\u010dek\u00e1v\u00e1te a jak\u00fd by m\u011bl b\u00fdt. Ur\u010dit\u011b spr\u00e1vn\u011b promyslete volbu vhodn\u00e9 dekoru \u2013 na v\u00fdb\u011br m\u00e1te z v\u00edce ne\u017e stovky nejr\u016fzn\u011bj\u0161\u00edch dekor\u016f, od t\u011bch tradi\u010dn\u011bj\u0161\u00edch a\u017e po extravagantn\u00ed. Volte takovou barvu, kter\u00e1 bude skv\u011ble ladit se zbytkem m\u00edstnosti, kde se bude n\u00e1bytek nach\u00e1zet. D\u00e1le co se t\u00fdk\u00e1 kvality, v\u017edy vy\u017eaduje kvalitn\u00ed lamino desky a ide\u00e1ln\u011b tak\u00e9 hlin\u00edkov\u00e9 konstrukce, kter\u00e9 jsou mnohem prakti\u010dt\u011bj\u0161\u00ed a pevn\u011bj\u0161\u00ed ne\u017e jin\u00e9.   Ceny v\u00e1s mile p\u0159ekvap\u00ed Spousta dom\u00e1cnosti si i v dne\u0161n\u00ed dob\u011b st\u00e1le mysl\u00ed, \u017ee vestav\u011bn\u00fd n\u00e1bytek je v\u00fdsadou jen t\u011bch bohat\u0161\u00edch. P\u0159itom to u\u017e d\u00e1vno nen\u00ed pravda! Dnes si m\u016f\u017ee nechat vyrobit nejenom sk\u0159\u00edn\u011b na m\u00edru naprosto ka\u017ed\u00fd. Vyr\u00e1b\u00ed se toti\u017e v mnoha proveden\u00edch a dekorech, m\u016f\u017eete si proto vybrat takovou variantu, kter\u00e1 v\u00e1m bude vyhovovat jak po dekora\u010dn\u00ed, tak i funk\u010dn\u00ed, a hlavn\u011b finan\u010dn\u00ed str\u00e1nce. Ceny vestavn\u00fdch sk\u0159\u00edn\u00ed pro v\u00e1s tedy budou velmi mil\u00fdm p\u0159ekvapen\u00edm. Ur\u010dit\u011b proto nev\u00e1hejte vyu\u017e\u00edt t\u00e9to mo\u017enosti a nechejte si vyrobit n\u00e1bytek, kter\u00e1 bude dokonale l\u00edcovat s prostorov\u00fdmi mo\u017enostmi va\u0161eho interi\u00e9ru.                                                                                                                                                                                                                                                                                                                                                                                         4.5\/5 - (2 votes)        "},{"@context":"https:\/\/schema.org\/","@type":"BreadcrumbList","itemListElement":[{"@type":"ListItem","position":1,"name":"Vestav\u011bn\u00fd n\u00e1bytek je trefou do \u010dern\u00e9ho","item":"https:\/\/www.plez.cz\/vestaveny-nabytek-je-trefou-do-cerneho\/#breadcrumbitem"}]}]